{"id":285,"date":"2014-04-07T18:29:42","date_gmt":"2014-04-07T16:29:42","guid":{"rendered":"http:\/\/wadoka.de\/?p=285"},"modified":"2014-04-07T18:29:42","modified_gmt":"2014-04-07T16:29:42","slug":"3-x-silber-und-2-x-bronze","status":"publish","type":"post","link":"https:\/\/wadoka.de\/?p=285","title":{"rendered":"3 x Silber und 2 x Bronze"},"content":{"rendered":"<p style=\"text-align: justify;\"><span style=\"color: #000000; font-family: Calibri;\">Letzten Samstag, den 05.04.2014 wurde zum zweiten Mal in Folge in Halle der internationale Arawaza Cup durchgef\u00fchrt.<\/span><\/p>\n<p style=\"text-align: justify;\"><span style=\"color: #000000; font-family: Calibri;\">Mit 349 Startern, welche in den Kategorien Kata und Kumite insgesamt 449 Starts ausk\u00e4mpften war dieses Turnier ganz gut besucht. \u00a0Auch die internationale Beteiligung lie\u00df nicht auf sich warten. Insgesamt waren 11 verschiedene Nationen vertreten.<\/span><\/p>\n<p style=\"text-align: justify; padding-left: 60px;\"><a href=\"http:\/\/wadoka.de\/wp-content\/uploads\/2014\/04\/WP_002179.jpg\"><img loading=\"lazy\" decoding=\"async\" class=\"alignnone size-medium wp-image-287\" alt=\"?????????????????????????????????????????????????????????????????????\" src=\"http:\/\/wadoka.de\/wp-content\/uploads\/2014\/04\/WP_002179-300x225.jpg\" width=\"300\" height=\"225\" srcset=\"https:\/\/wadoka.de\/wp-content\/uploads\/2014\/04\/WP_002179-300x225.jpg 300w, https:\/\/wadoka.de\/wp-content\/uploads\/2014\/04\/WP_002179-1024x768.jpg 1024w\" sizes=\"(max-width: 300px) 100vw, 300px\" \/><\/a> <a href=\"http:\/\/wadoka.de\/wp-content\/uploads\/2014\/04\/WP_002185.jpg\"><img loading=\"lazy\" decoding=\"async\" class=\"alignnone  wp-image-288\" style=\"width: 173px; height: 222px;\" alt=\"WP_002185\" src=\"http:\/\/wadoka.de\/wp-content\/uploads\/2014\/04\/WP_002185-225x300.jpg\" width=\"225\" height=\"216\" \/><\/a><\/p>\n<p style=\"text-align: justify;\"><span style=\"color: #000000; font-family: Calibri;\">F\u00fcr das Wodoka Team gingen Pascal, Eric, Alina, Eugen, Jonas, Chayenne, Marvin und Tobias an den Start. Damit bestand unser Team aus erfahrenen und noch etwas unerfahrenen mutigen K\u00e4mpfern, was uns sehr gefreut hat. Alle zeigten gute Leistungen auch wenn bei einigen eine gro\u00dfe Nervosit\u00e4t zu sp\u00fcren war.<\/span><\/p>\n<p style=\"text-align: justify;\"><span style=\"color: #000000; font-family: Calibri;\">Das gr\u00f6\u00dfte Starterfeld im Kumite mit 26 Startern in einer Gruppe hatten Eugen, Jonas, Marvin und Tobias. Die Jungs hatten hier eine ordentliche Aufgabe zu bew\u00e4ltigen. Auch wenn es leider nicht f\u00fcr eine Platzierung gereicht hat sei an dieser Stelle noch einmal die gute Leistung von Jonas zu erw\u00e4hnen. Weiter so.<\/span><\/p>\n<table border=\"1\" cellspacing=\"0\" cellpadding=\"0\">\n<tbody>\n<tr>\n<td valign=\"top\" width=\"149\"><span style=\"color: #000000; font-family: Calibri;\">Pascal Jahn<\/span><\/td>\n<td valign=\"top\" width=\"180\"><span style=\"color: #000000; font-family: Calibri;\">2. Platz Kata einzel U12<\/span><\/td>\n<\/tr>\n<tr>\n<td valign=\"top\" width=\"149\"><span style=\"color: #000000; font-family: Calibri;\">Eugen Biedla<\/span><\/td>\n<td valign=\"top\" width=\"180\"><span style=\"color: #000000; font-family: Calibri;\">2. Platz Kata einzel U10<\/span><\/td>\n<\/tr>\n<tr>\n<td valign=\"top\" width=\"149\"><span style=\"color: #000000; font-family: Calibri;\">Chayenne Spanier<\/span><\/td>\n<td valign=\"top\" width=\"180\"><span style=\"color: #000000; font-family: Calibri;\">3. Platz Kata einzel U12<\/span><\/td>\n<\/tr>\n<tr>\n<td valign=\"top\" width=\"149\"><span style=\"color: #000000; font-family: Calibri;\">Chayenne Spanier<\/span><\/td>\n<td valign=\"top\" width=\"180\"><span style=\"color: #000000; font-family: Calibri;\">2. Platz Kumite einzel U12<\/span><\/td>\n<\/tr>\n<tr>\n<td valign=\"top\" width=\"149\"><span style=\"color: #000000; font-family: Calibri;\">Eric Seifert<\/span><\/td>\n<td valign=\"top\" width=\"180\"><span style=\"color: #000000; font-family: Calibri;\">3. Platz Kumite einzel U12<\/span><\/td>\n<\/tr>\n<\/tbody>\n<\/table>\n<p><span style=\"color: #000000; font-family: Calibri;\">\u00a0<\/span><span style=\"color: #000000; font-family: Calibri;\">Herzlichen Gl\u00fcckwunsch.<\/span><\/p>\n","protected":false},"excerpt":{"rendered":"<p>Letzten Samstag, den 05.04.2014 wurde zum zweiten Mal in Folge in Halle der internationale Arawaza Cup durchgef\u00fchrt. Mit 349 Startern, welche in den Kategorien Kata und Kumite insgesamt 449 Starts ausk\u00e4mpften war dieses Turnier ganz gut besucht. \u00a0Auch die internationale &hellip; <a href=\"https:\/\/wadoka.de\/?p=285\">Weiterlesen <span class=\"meta-nav\">&rarr;<\/span><\/a><\/p>\n","protected":false},"author":2,"featured_media":0,"comment_status":"closed","ping_status":"closed","sticky":false,"template":"","format":"standard","meta":{"footnotes":""},"categories":[1],"tags":[],"_links":{"self":[{"href":"https:\/\/wadoka.de\/index.php?rest_route=\/wp\/v2\/posts\/285"}],"collection":[{"href":"https:\/\/wadoka.de\/index.php?rest_route=\/wp\/v2\/posts"}],"about":[{"href":"https:\/\/wadoka.de\/index.php?rest_route=\/wp\/v2\/types\/post"}],"author":[{"embeddable":true,"href":"https:\/\/wadoka.de\/index.php?rest_route=\/wp\/v2\/users\/2"}],"replies":[{"embeddable":true,"href":"https:\/\/wadoka.de\/index.php?rest_route=%2Fwp%2Fv2%2Fcomments&post=285"}],"version-history":[{"count":3,"href":"https:\/\/wadoka.de\/index.php?rest_route=\/wp\/v2\/posts\/285\/revisions"}],"predecessor-version":[{"id":290,"href":"https:\/\/wadoka.de\/index.php?rest_route=\/wp\/v2\/posts\/285\/revisions\/290"}],"wp:attachment":[{"href":"https:\/\/wadoka.de\/index.php?rest_route=%2Fwp%2Fv2%2Fmedia&parent=285"}],"wp:term":[{"taxonomy":"category","embeddable":true,"href":"https:\/\/wadoka.de\/index.php?rest_route=%2Fwp%2Fv2%2Fcategories&post=285"},{"taxonomy":"post_tag","embeddable":true,"href":"https:\/\/wadoka.de\/index.php?rest_route=%2Fwp%2Fv2%2Ftags&post=285"}],"curies":[{"name":"wp","href":"https:\/\/api.w.org\/{rel}","templated":true}]}}