{"id":209,"date":"2014-03-10T19:16:09","date_gmt":"2014-03-10T18:16:09","guid":{"rendered":"http:\/\/wadoka.de\/?p=209"},"modified":"2014-03-11T21:59:52","modified_gmt":"2014-03-11T20:59:52","slug":"deutscher-internationaler-wado-cup","status":"publish","type":"post","link":"https:\/\/wadoka.de\/?p=209","title":{"rendered":"Deutscher internationaler Wado Cup"},"content":{"rendered":"<p style=\"text-align: justify;\"><span style=\"color: #000000; font-family: Calibri;\">Am 08.03.2014 schickte das Wado Karate Team Sachsen-Anhalt (Wadoka) seine erfahrensten Wettk\u00e4mpfer zum Deutschen Internationalen Wado Cup nach Berlin. An den Start gingen Eugen, Pascal und Alina in der Altersklasse U11 sowie Eric in der Altersklasse U14.<\/span><\/p>\n<p style=\"text-align: justify;\"><span style=\"color: #000000; font-family: Calibri;\">Der Wettkampf war international sehr gut besucht. Neben Deutschland nahmen auch die Nationen \u00d6sterreich, Ungarn, Kenia, Luxemburg, Nepal, Holland, Norwegen, Schottland und Schweden teil. Die insgesamt 375 Starts wurden dabei auf 5 Tatamis ausgetragen.<\/span><\/p>\n<p><a href=\"http:\/\/wadoka.de\/wp-content\/uploads\/2014\/03\/altAkGjVJmFuGfWrhVZXheycYEhqhHg_p2r7xOEFBr6c-.jpg\"><img loading=\"lazy\" decoding=\"async\" class=\"size-medium wp-image-211 aligncenter\" alt=\"altAkGjVJmFuGfWrhVZXheycYEhqhHg_p2r7xOEFBr6c---\" src=\"http:\/\/wadoka.de\/wp-content\/uploads\/2014\/03\/altAkGjVJmFuGfWrhVZXheycYEhqhHg_p2r7xOEFBr6c--300x168.jpg\" width=\"300\" height=\"168\" srcset=\"https:\/\/wadoka.de\/wp-content\/uploads\/2014\/03\/altAkGjVJmFuGfWrhVZXheycYEhqhHg_p2r7xOEFBr6c--300x168.jpg 300w, https:\/\/wadoka.de\/wp-content\/uploads\/2014\/03\/altAkGjVJmFuGfWrhVZXheycYEhqhHg_p2r7xOEFBr6c-.jpg 800w\" sizes=\"(max-width: 300px) 100vw, 300px\" \/><\/a><\/p>\n<p style=\"text-align: justify;\"><span style=\"color: #000000; font-family: Calibri;\">P\u00fcnktlich um 9.30 Uhr ging es mit den Kata \u2013 Disziplinen los. Unsere K\u00e4mpfer zeigten die Kata`s Pinan Nidan, Pinan Shodan und Pinan Sandan. Alina und Pascal konnten sich hierbei jeweils die Bronze \u2013 Medaille erk\u00e4mpfen. Mit einem guten 5. Platz verfehlte Eugen leider knapp den Sprung auf das Siegerpodest. Daf\u00fcr, dass er jedoch noch nicht einmal 9 Jahre alt ist und bereits in der Altersklasse U11 startet, ist es ein sehr gutes Ergebnis.<\/span><\/p>\n<p style=\"text-align: justify;\"><span style=\"color: #000000; font-family: Calibri;\">Nach einer kurzen Pause ging es direkt mit den Kumite-Wettbewerben weiter. Alina machte es wie immer spannend und k\u00e4mpfte in ihrem Finalkampf unentschieden. Somit musste eine Entscheidung der Kampfrichter her, welche Alina leider verlor. Dennoch wurde sie mit einem 2. Platz belohnt.<\/span><\/p>\n<p style=\"text-align: justify;\"><span style=\"color: #000000; font-family: Calibri;\">Eugen, unser j\u00fcngster Starter im Team k\u00e4mpfte sich mit schnellen Zuki`s und pr\u00e4zisen Mawashigeri`s Runde um Runde nach vorn und erreichte am Ende Platz 3. Klasse!!<\/span><\/p>\n<p style=\"text-align: justify;\"><span style=\"color: #000000; font-family: Calibri;\">Eric trat in seiner ersten Runde einem Sportler aus Ungarn gegen\u00fcber. \u00a0Auch f\u00fcr ihn ist es das erste Jahr in der n\u00e4chsth\u00f6heren Altersklasse U14 obwohl er noch keine 11 Jahre alt ist. Mit gro\u00dfem Selbstbewusstsein und Siegeswillen lie\u00df er sich nicht einsch\u00fcchtern und gewann seine erste Runde souver\u00e4n. Im n\u00e4chsten Kampf musste er sich jedoch gegen den sp\u00e4teren Sieger dieser Kategorie geschlagen geben. In der Trostrunde um Platz 3 hie\u00df es nun f\u00fcr Eric alles oder nichts. Er stand nun einem etwas unerfahrenem K\u00e4mpfer gegen\u00fcber, welcher unentwegt und mit wenig Technik auf Eric einst\u00fcrmte. Leider gelang es Eric dadurch nicht den richtigen Abstand zu finden und gezielte Aktionen zu setzen. Von den Kampfrichtern bekam er Verwarnungen wegen Kontakt am Kopf. 20 Sekunden vor Ende der Kampfzeit f\u00fchrte Eric mit einem Punktevorsprung von 3:0. Doch dann passierte das was wir alle nicht glauben konnten. Statt auf Abstand zu gehen und die Zeit runter laufen zu lassen startete Eric eine letze Aktion welche jedoch wieder mit einer Verwarnung der Kampfrichter endete. Somit wurde Eric leider disqualifiziert. Auch die Kampfrichter bedauerten diesen Ausgang da er wirklich der bessere K\u00e4mpfer war. Aber so sind \u00a0nun einmal die Regeln. Eric nahm aus dieser Begegnung auf jeden Fall eine Menge Erfahrung f\u00fcr seinen n\u00e4chsten Wettkampf mit.<\/span><\/p>\n<p style=\"text-align: justify;\"><span style=\"color: #000000; font-family: Calibri;\">Als letzer ging Pascal noch einmal an den Start. Auch er gewann seinen ersten Kampf souver\u00e4n. In seinem Finalkampf stand er ebenfalls einem ungarischen Wettk\u00e4mpfer gegen\u00fcber. Dieser Kampf war jedoch haupts\u00e4chlich von vielen Kontakten und Verwarnungen gepr\u00e4gt. Am Ende hatte sein Kontrahent die Nase ein klein wenig weiter vorn und gewann. Pascal erreichte einen sehr guten 2. Platz.<\/span><\/p>\n<p style=\"text-align: justify;\"><span style=\"color: #000000; font-family: Calibri;\">In der Vereinswertung erreichte das Wado Karate Team Sachsen-Anhalt mit seinen gerade mal 4 Startern den Rang 25 von insgesamt 39 teilnehmenden Vereinen. Auf dieses Ergebnis sind wir dennoch stolz und gratulieren unseren Wettk\u00e4mpfern f\u00fcr diese ordentlichen Leistungen.<\/span><span style=\"color: #000000; font-family: Calibri;\">\u00a0<\/span><span style=\"color: #000000; font-family: Calibri;\">\u00a0<\/span><\/p>\n<div align=\"center\">\n<table border=\"1\" cellspacing=\"0\" cellpadding=\"0\">\n<tbody>\n<tr>\n<td valign=\"top\" width=\"140\"><span style=\"color: #000000; font-family: Calibri;\">Eugen Biedla<\/span><\/td>\n<td valign=\"top\" width=\"378\"><span style=\"color: #000000; font-family: Calibri;\">3. Platz Kumite einzel U11 m\u00e4nnl. \u2013 33kg\u00a0\u00a0\u00a0\u00a0\u00a0\u00a0\u00a0\u00a0\u00a0\u00a0\u00a0\u00a0\u00a0\u00a0\u00a0\u00a0\u00a0\u00a0\u00a0\u00a0\u00a0\u00a0\u00a0\u00a0\u00a0\u00a0\u00a0\u00a0\u00a0\u00a0\u00a0\u00a0 5<\/span><span style=\"color: #000000; font-family: Calibri;\">. Platz Kata einzel U11 m\u00e4nnl.<\/span><\/td>\n<\/tr>\n<tr>\n<td valign=\"top\" width=\"140\"><span style=\"color: #000000; font-family: Calibri;\">Alina Kr\u00fcger<\/span><\/td>\n<td valign=\"top\" width=\"378\"><span style=\"color: #000000; font-family: Calibri;\">2. Pltz Kumite einzel U11 weibl. +38 kg\u00a0\u00a0\u00a0\u00a0\u00a0\u00a0\u00a0\u00a0\u00a0\u00a0\u00a0\u00a0\u00a0\u00a0\u00a0\u00a0\u00a0\u00a0\u00a0\u00a0\u00a0\u00a0\u00a0\u00a0\u00a0\u00a0\u00a0\u00a0\u00a0\u00a0\u00a0\u00a0\u00a0\u00a0\u00a0\u00a0 <\/span><span style=\"color: #000000; font-family: Calibri;\">3. Platz Kata einzel U11 weibl.<\/span><\/td>\n<\/tr>\n<tr>\n<td valign=\"top\" width=\"140\"><span style=\"color: #000000; font-family: Calibri;\">Pascal Jahn<\/span><\/td>\n<td valign=\"top\" width=\"378\"><span style=\"color: #000000; font-family: Calibri;\">2. Platz Kumite einzel U11 \u2013 39kg\u00a0\u00a0\u00a0\u00a0\u00a0\u00a0\u00a0\u00a0\u00a0\u00a0\u00a0\u00a0\u00a0\u00a0\u00a0\u00a0\u00a0\u00a0\u00a0\u00a0\u00a0\u00a0\u00a0\u00a0\u00a0\u00a0\u00a0\u00a0\u00a0\u00a0\u00a0\u00a0\u00a0\u00a0\u00a0\u00a0\u00a0\u00a0\u00a0\u00a0\u00a0\u00a0\u00a0\u00a0\u00a0\u00a0 <\/span><span style=\"color: #000000; font-family: Calibri;\">3. Platz Kata einzel U11 m\u00e4nnl.<\/span><\/td>\n<\/tr>\n<tr>\n<td valign=\"top\" width=\"140\"><span style=\"color: #000000; font-family: Calibri;\">Eric Seifert<\/span><\/td>\n<td valign=\"top\" width=\"378\"><span style=\"color: #000000; font-family: Calibri;\">5. Platz Kumite einzel U14 -48kg<\/span><\/td>\n<\/tr>\n<\/tbody>\n<\/table>\n<\/div>\n","protected":false},"excerpt":{"rendered":"<p>Am 08.03.2014 schickte das Wado Karate Team Sachsen-Anhalt (Wadoka) seine erfahrensten Wettk\u00e4mpfer zum Deutschen Internationalen Wado Cup nach Berlin. An den Start gingen Eugen, Pascal und Alina in der Altersklasse U11 sowie Eric in der Altersklasse U14. Der Wettkampf war &hellip; <a href=\"https:\/\/wadoka.de\/?p=209\">Weiterlesen <span class=\"meta-nav\">&rarr;<\/span><\/a><\/p>\n","protected":false},"author":2,"featured_media":0,"comment_status":"closed","ping_status":"closed","sticky":false,"template":"","format":"standard","meta":{"footnotes":""},"categories":[1],"tags":[],"_links":{"self":[{"href":"https:\/\/wadoka.de\/index.php?rest_route=\/wp\/v2\/posts\/209"}],"collection":[{"href":"https:\/\/wadoka.de\/index.php?rest_route=\/wp\/v2\/posts"}],"about":[{"href":"https:\/\/wadoka.de\/index.php?rest_route=\/wp\/v2\/types\/post"}],"author":[{"embeddable":true,"href":"https:\/\/wadoka.de\/index.php?rest_route=\/wp\/v2\/users\/2"}],"replies":[{"embeddable":true,"href":"https:\/\/wadoka.de\/index.php?rest_route=%2Fwp%2Fv2%2Fcomments&post=209"}],"version-history":[{"count":5,"href":"https:\/\/wadoka.de\/index.php?rest_route=\/wp\/v2\/posts\/209\/revisions"}],"predecessor-version":[{"id":214,"href":"https:\/\/wadoka.de\/index.php?rest_route=\/wp\/v2\/posts\/209\/revisions\/214"}],"wp:attachment":[{"href":"https:\/\/wadoka.de\/index.php?rest_route=%2Fwp%2Fv2%2Fmedia&parent=209"}],"wp:term":[{"taxonomy":"category","embeddable":true,"href":"https:\/\/wadoka.de\/index.php?rest_route=%2Fwp%2Fv2%2Fcategories&post=209"},{"taxonomy":"post_tag","embeddable":true,"href":"https:\/\/wadoka.de\/index.php?rest_route=%2Fwp%2Fv2%2Ftags&post=209"}],"curies":[{"name":"wp","href":"https:\/\/api.w.org\/{rel}","templated":true}]}}